{"id":95,"date":"2023-03-24T09:38:39","date_gmt":"2023-03-24T08:38:39","guid":{"rendered":"https:\/\/kz-gedenkstaette-husum-schwesing.de\/das-war-hier\/?p=95"},"modified":"2023-03-24T09:39:24","modified_gmt":"2023-03-24T08:39:24","slug":"95","status":"publish","type":"post","link":"https:\/\/kz-gedenkstaette-husum-schwesing.de\/das-war-hier\/2023\/03\/24\/95\/","title":{"rendered":"Orte der Stelen und Stolpersteine"},"content":{"rendered":"<p>Heute haben wir uns die Standorte der zuk\u00fcnftigen Stolpersteine und Stelen bei der alten und der neuen TSS angeschaut. Uns war es wichtig bei dem Standort das man die Stele und den Stolperstein gut sehen kann. W\u00e4hrenddessen haben die anderen an ihren Entw\u00fcrfen und Texten der Stelen weitergearbeitet. Wir wollen uns demn\u00e4chst auf einen Entwurf einigen und dann den fertigen Entwurf der Stelen haben. Unser Projekt aktuell gut voran und es fehlt nicht mehr viel zumfertigen Stelenentwurf.<br \/>\n<img loading=\"lazy\" decoding=\"async\" class=\"alignnone size-medium wp-image-96\" src=\"https:\/\/kz-gedenkstaette-husum-schwesing.de\/das-war-hier\/wp-content\/uploads\/sites\/11\/2023\/03\/4AC336D7-9134-46A7-9B85-3FA7E2D7C84F-225x300.jpeg\" alt=\"\" width=\"225\" height=\"300\" \/><img loading=\"lazy\" decoding=\"async\" class=\"alignnone size-medium wp-image-97\" src=\"https:\/\/kz-gedenkstaette-husum-schwesing.de\/das-war-hier\/wp-content\/uploads\/sites\/11\/2023\/03\/925F49CB-1E14-44CD-958C-950D36101564-225x300.jpeg\" alt=\"\" width=\"225\" height=\"300\" \/><\/p>\n<p>&nbsp;<\/p>\n","protected":false},"excerpt":{"rendered":"<p>Heute haben wir uns die Standorte der zuk\u00fcnftigen Stolpersteine und Stelen bei der alten und der neuen TSS angeschaut. Uns war es wichtig bei dem Standort das man die Stele und den Stolperstein gut sehen kann. W\u00e4hrenddessen haben die anderen an ihren Entw\u00fcrfen und Texten der Stelen weitergearbeitet. Wir wollen uns demn\u00e4chst auf einen Entwurf [&hellip;]<\/p>\n","protected":false},"author":11,"featured_media":0,"comment_status":"open","ping_status":"open","sticky":false,"template":"","format":"standard","meta":{"_et_pb_use_builder":"","_et_pb_old_content":"","_et_gb_content_width":"","footnotes":""},"categories":[1],"tags":[],"class_list":["post-95","post","type-post","status-publish","format-standard","hentry","category-allgemein"],"_links":{"self":[{"href":"https:\/\/kz-gedenkstaette-husum-schwesing.de\/das-war-hier\/wp-json\/wp\/v2\/posts\/95","targetHints":{"allow":["GET"]}}],"collection":[{"href":"https:\/\/kz-gedenkstaette-husum-schwesing.de\/das-war-hier\/wp-json\/wp\/v2\/posts"}],"about":[{"href":"https:\/\/kz-gedenkstaette-husum-schwesing.de\/das-war-hier\/wp-json\/wp\/v2\/types\/post"}],"author":[{"embeddable":true,"href":"https:\/\/kz-gedenkstaette-husum-schwesing.de\/das-war-hier\/wp-json\/wp\/v2\/users\/11"}],"replies":[{"embeddable":true,"href":"https:\/\/kz-gedenkstaette-husum-schwesing.de\/das-war-hier\/wp-json\/wp\/v2\/comments?post=95"}],"version-history":[{"count":2,"href":"https:\/\/kz-gedenkstaette-husum-schwesing.de\/das-war-hier\/wp-json\/wp\/v2\/posts\/95\/revisions"}],"predecessor-version":[{"id":99,"href":"https:\/\/kz-gedenkstaette-husum-schwesing.de\/das-war-hier\/wp-json\/wp\/v2\/posts\/95\/revisions\/99"}],"wp:attachment":[{"href":"https:\/\/kz-gedenkstaette-husum-schwesing.de\/das-war-hier\/wp-json\/wp\/v2\/media?parent=95"}],"wp:term":[{"taxonomy":"category","embeddable":true,"href":"https:\/\/kz-gedenkstaette-husum-schwesing.de\/das-war-hier\/wp-json\/wp\/v2\/categories?post=95"},{"taxonomy":"post_tag","embeddable":true,"href":"https:\/\/kz-gedenkstaette-husum-schwesing.de\/das-war-hier\/wp-json\/wp\/v2\/tags?post=95"}],"curies":[{"name":"wp","href":"https:\/\/api.w.org\/{rel}","templated":true}]}}