{"id":74,"date":"2023-03-03T17:51:11","date_gmt":"2023-03-03T16:51:11","guid":{"rendered":"https:\/\/kz-gedenkstaette-husum-schwesing.de\/das-war-hier\/?p=74"},"modified":"2023-03-03T17:53:32","modified_gmt":"2023-03-03T16:53:32","slug":"wie-sollen-unsere-stelen-aussehen","status":"publish","type":"post","link":"https:\/\/kz-gedenkstaette-husum-schwesing.de\/das-war-hier\/2023\/03\/03\/wie-sollen-unsere-stelen-aussehen\/","title":{"rendered":"Wie sollen unsere Stelen aussehen?"},"content":{"rendered":"<p>Heute haben wir uns mit dem Design der Stelen auseinandergesetzt. Hierzu haben einzelne Sch\u00fcler sich mit verschiedenen Informationsstelen in Husum befasst, und anhand dieser eigene Entw\u00fcrfe entwickelt. Zwei dieser Entw\u00fcrfe kann man in den Bildern unten sehen. Die erste Idee (Bild 1) ist eine aufrecht stehende, rechteckige Stele.<\/p>\n<p><img loading=\"lazy\" decoding=\"async\" class=\"size-medium wp-image-75 alignleft\" src=\"http:\/\/kz-gedenkstaette-husum-schwesing.de\/das-war-hier\/wp-content\/uploads\/sites\/11\/2023\/03\/4EC0F116-25C1-4808-945F-EBBFD059169D-191x300.jpeg\" alt=\"\" width=\"191\" height=\"300\" \/><\/p>\n<p>&nbsp;<\/p>\n<p>Hier passen viel Informationen rauf und sie nimmt nicht viel Platz ein. Allerdings kann man nicht das ganze Potenzial der Stele nutzen, da man als Leser irgendwann zu weit runter gucken muss, und dies unvorteilhaft sein k\u00f6nnte. Der zweite Vorschlag (Bild 2) ist eine schr\u00e4g gestellte Stele.<\/p>\n<p><img loading=\"lazy\" decoding=\"async\" class=\"size-medium wp-image-79 alignright\" src=\"http:\/\/kz-gedenkstaette-husum-schwesing.de\/das-war-hier\/wp-content\/uploads\/sites\/11\/2023\/03\/557B4427-5975-46F6-8A69-1AA140E4A552-300x198.jpeg\" alt=\"\" width=\"300\" height=\"198\" \/><\/p>\n<p>&nbsp;<\/p>\n<p>Hier passen viele Informationen rauf und alles ist auf der gleichen H\u00f6he. Dies sorgt f\u00fcr ein angenehmes Lesen. Ein Problem welches auftreten k\u00f6nnte, w\u00e4re die Breite und Tiefe, aufgrund von zu vielen Informationen. Dies k\u00f6nnte zum Beispiel beim Standort in der Theodor-Storm-Stra\u00dfe zum Problem werden, da Teile des Gehweges blockiert werden k\u00f6nnten.<\/p>\n","protected":false},"excerpt":{"rendered":"<p>Heute haben wir uns mit dem Design der Stelen auseinandergesetzt. Hierzu haben einzelne Sch\u00fcler sich mit verschiedenen Informationsstelen in Husum befasst, und anhand dieser eigene Entw\u00fcrfe entwickelt. Zwei dieser Entw\u00fcrfe kann man in den Bildern unten sehen. Die erste Idee (Bild 1) ist eine aufrecht stehende, rechteckige Stele. &nbsp; Hier passen viel Informationen rauf und [&hellip;]<\/p>\n","protected":false},"author":11,"featured_media":0,"comment_status":"open","ping_status":"open","sticky":false,"template":"","format":"standard","meta":{"footnotes":""},"categories":[1],"tags":[],"class_list":["post-74","post","type-post","status-publish","format-standard","hentry","category-allgemein"],"_links":{"self":[{"href":"https:\/\/kz-gedenkstaette-husum-schwesing.de\/das-war-hier\/wp-json\/wp\/v2\/posts\/74","targetHints":{"allow":["GET"]}}],"collection":[{"href":"https:\/\/kz-gedenkstaette-husum-schwesing.de\/das-war-hier\/wp-json\/wp\/v2\/posts"}],"about":[{"href":"https:\/\/kz-gedenkstaette-husum-schwesing.de\/das-war-hier\/wp-json\/wp\/v2\/types\/post"}],"author":[{"embeddable":true,"href":"https:\/\/kz-gedenkstaette-husum-schwesing.de\/das-war-hier\/wp-json\/wp\/v2\/users\/11"}],"replies":[{"embeddable":true,"href":"https:\/\/kz-gedenkstaette-husum-schwesing.de\/das-war-hier\/wp-json\/wp\/v2\/comments?post=74"}],"version-history":[{"count":3,"href":"https:\/\/kz-gedenkstaette-husum-schwesing.de\/das-war-hier\/wp-json\/wp\/v2\/posts\/74\/revisions"}],"predecessor-version":[{"id":80,"href":"https:\/\/kz-gedenkstaette-husum-schwesing.de\/das-war-hier\/wp-json\/wp\/v2\/posts\/74\/revisions\/80"}],"wp:attachment":[{"href":"https:\/\/kz-gedenkstaette-husum-schwesing.de\/das-war-hier\/wp-json\/wp\/v2\/media?parent=74"}],"wp:term":[{"taxonomy":"category","embeddable":true,"href":"https:\/\/kz-gedenkstaette-husum-schwesing.de\/das-war-hier\/wp-json\/wp\/v2\/categories?post=74"},{"taxonomy":"post_tag","embeddable":true,"href":"https:\/\/kz-gedenkstaette-husum-schwesing.de\/das-war-hier\/wp-json\/wp\/v2\/tags?post=74"}],"curies":[{"name":"wp","href":"https:\/\/api.w.org\/{rel}","templated":true}]}}