{"id":28,"date":"2023-02-14T22:06:55","date_gmt":"2023-02-14T21:06:55","guid":{"rendered":"https:\/\/kz-gedenkstaette-husum-schwesing.de\/das-war-hier\/?p=28"},"modified":"2023-02-15T23:50:14","modified_gmt":"2023-02-15T22:50:14","slug":"unsere-unterstuetzer","status":"publish","type":"post","link":"https:\/\/kz-gedenkstaette-husum-schwesing.de\/das-war-hier\/2023\/02\/14\/unsere-unterstuetzer\/","title":{"rendered":"Unsere Kooperationspartner*innen&#8230;"},"content":{"rendered":"<p>Unsere Erinnerungsarbeit hat mehrere Dimensionen: Seit 1932 hei\u00dft unsere Schule n\u00e4mlich &#8222;Theodor-Storm-Schule&#8220;. Obwohl bereits 1866 als private M\u00e4dchenschule von einer Frau namens <a href=\"https:\/\/www.husumer-stadtgeschichte.de\/files\/Bildung-Umbr.pdf\">Sophie Jacobsen<\/a> gegr\u00fcndet, entschied man sich damals gegen den Namen der Gr\u00fcnderin. Mirjam Cohen wurde ein Jahr sp\u00e4ter eingeschult, also im selben Jahr, als den Nationalsozialisten unter Adolf Hitler die Macht \u00fcbertragen wurde.<\/p>\n<p>Hier ein Sch\u00fcler-Entwurf des alten Schulgeb\u00e4udes, das Mirjam besuchte, in der Theodor-Storm-Stra\u00dfe 2:<\/p>\n<p><img loading=\"lazy\" decoding=\"async\" class=\"alignnone wp-image-29\" src=\"http:\/\/kz-gedenkstaette-husum-schwesing.de\/das-war-hier\/wp-content\/uploads\/sites\/11\/2023\/02\/Alte-TSS-300x163.jpg\" alt=\"\" width=\"438\" height=\"238\" \/><\/p>\n<p>Schulgeschichte, Verfolgungsgeschichte, Regionalgeschichte&#8230; Um den \u00dcberblick nicht zu verlieren, haben wir uns Hilfe gesucht und freuen uns, dass die Husumer <a href=\"https:\/\/www.husum.org\/Verwaltung-Politik\/Verwaltung\/Gleichstellungsbeauftragte\/Husumer-Frauengeschichtswerkstatt\/\">Frauengeschichtswerkstatt<\/a> unser Projekt von Anfang an begleitet und mit uns gestalten m\u00f6chte. Und dank der KZ-Gedenkst\u00e4tte Husum-Schwesing haben wir seit heute einen Blog, um unseren Arbeitsfortschritt zu dokumentieren und zu reflektieren.<\/p>\n<p>Vielen lieben Dank daf\u00fcr \ud83d\ude42<\/p>\n<p>&nbsp;<\/p>\n","protected":false},"excerpt":{"rendered":"<p>Unsere Erinnerungsarbeit hat mehrere Dimensionen: Seit 1932 hei\u00dft unsere Schule n\u00e4mlich &#8222;Theodor-Storm-Schule&#8220;. Obwohl bereits 1866 als private M\u00e4dchenschule von einer Frau namens Sophie Jacobsen gegr\u00fcndet, entschied man sich damals gegen den Namen der Gr\u00fcnderin. Mirjam Cohen wurde ein Jahr sp\u00e4ter eingeschult, also im selben Jahr, als den Nationalsozialisten unter Adolf Hitler die Macht \u00fcbertragen wurde. [&hellip;]<\/p>\n","protected":false},"author":11,"featured_media":0,"comment_status":"open","ping_status":"open","sticky":false,"template":"","format":"standard","meta":{"footnotes":""},"categories":[1],"tags":[],"class_list":["post-28","post","type-post","status-publish","format-standard","hentry","category-allgemein"],"_links":{"self":[{"href":"https:\/\/kz-gedenkstaette-husum-schwesing.de\/das-war-hier\/wp-json\/wp\/v2\/posts\/28","targetHints":{"allow":["GET"]}}],"collection":[{"href":"https:\/\/kz-gedenkstaette-husum-schwesing.de\/das-war-hier\/wp-json\/wp\/v2\/posts"}],"about":[{"href":"https:\/\/kz-gedenkstaette-husum-schwesing.de\/das-war-hier\/wp-json\/wp\/v2\/types\/post"}],"author":[{"embeddable":true,"href":"https:\/\/kz-gedenkstaette-husum-schwesing.de\/das-war-hier\/wp-json\/wp\/v2\/users\/11"}],"replies":[{"embeddable":true,"href":"https:\/\/kz-gedenkstaette-husum-schwesing.de\/das-war-hier\/wp-json\/wp\/v2\/comments?post=28"}],"version-history":[{"count":6,"href":"https:\/\/kz-gedenkstaette-husum-schwesing.de\/das-war-hier\/wp-json\/wp\/v2\/posts\/28\/revisions"}],"predecessor-version":[{"id":40,"href":"https:\/\/kz-gedenkstaette-husum-schwesing.de\/das-war-hier\/wp-json\/wp\/v2\/posts\/28\/revisions\/40"}],"wp:attachment":[{"href":"https:\/\/kz-gedenkstaette-husum-schwesing.de\/das-war-hier\/wp-json\/wp\/v2\/media?parent=28"}],"wp:term":[{"taxonomy":"category","embeddable":true,"href":"https:\/\/kz-gedenkstaette-husum-schwesing.de\/das-war-hier\/wp-json\/wp\/v2\/categories?post=28"},{"taxonomy":"post_tag","embeddable":true,"href":"https:\/\/kz-gedenkstaette-husum-schwesing.de\/das-war-hier\/wp-json\/wp\/v2\/tags?post=28"}],"curies":[{"name":"wp","href":"https:\/\/api.w.org\/{rel}","templated":true}]}}