{"id":23,"date":"2023-02-14T17:33:00","date_gmt":"2023-02-14T16:33:00","guid":{"rendered":"https:\/\/kz-gedenkstaette-husum-schwesing.de\/das-war-hier\/?p=23"},"modified":"2023-02-14T17:36:17","modified_gmt":"2023-02-14T16:36:17","slug":"das-war-hier-was-wird-sein","status":"publish","type":"post","link":"https:\/\/kz-gedenkstaette-husum-schwesing.de\/das-war-hier\/2023\/02\/14\/das-war-hier-was-wird-sein\/","title":{"rendered":"Das war hier. Was wird sein?"},"content":{"rendered":"<div class=\"ce_text block\">\n<p>Noch befindet sich der \u201eStolperstein\u201c (siehe Foto) zum Gedenken an Mirjam Cohen in der Vitrine am Haupteingang unseres Schulgeb\u00e4udes. Das soll sich nach dem Wunsch der Stadt Husum und einer Initiative von Sch\u00fclerinnen und Sch\u00fclern und Lehrerinnen und Lehrern der Theodor-Storm-Schule aber bald \u00e4ndern.<\/p>\n<p><img loading=\"lazy\" decoding=\"async\" class=\"alignnone wp-image-24\" src=\"http:\/\/kz-gedenkstaette-husum-schwesing.de\/das-war-hier\/wp-content\/uploads\/sites\/11\/2023\/02\/2022_Mirjam-cohen_HP-300x292.jpeg\" alt=\"\" width=\"185\" height=\"180\" \/><\/p>\n<p>Die j\u00fcdische Sch\u00fclerin Mirjam Cohen (*1923), Tochter des letzten Rabbis von Friedrichstadt, besuchte von 1933 bis zu ihrer Flucht vor dem Terror der Nationalsozialisten unsere Theodor-Storm-Schule. 1943 wurde sie zusammen mit ihrer Familie im Vernichtungslager Auschwitz-Birkenau vergast. Lange war ihr Schicksal fast vergessen, bis die Theater-AG \u201eSpielraum\u201c im Juni 2010 ihre Lebensgeschichte recherchierte, mit Zeitzeuginnen und Zeitzeugen sprach und daraus ein einf\u00fchlsames und aufw\u00fchlendes St\u00fcck in der Aula der TSS auff\u00fchrte. In dieser Zeit bildete sich auch eine Initiative, die die Verlegung eines Stolpersteins in Gedenken an Mirjam erreichte. Dieser wurde von dem K\u00fcnstler Gunter Demnig im B\u00fcrgersteig vor unserem alten Schulgeb\u00e4ude in der Theodor-Storm-Stra\u00dfe 2 (am Schlosspark) verlegt. Leider musste das bauf\u00e4llige Geb\u00e4ude bald abgerissen werden. Um den Stolperstein bei den Abrissarbeiten nicht zu gef\u00e4hrden, wurde er in das heutige Schulgeb\u00e4ude in der Ludwig-Nissen-Stra\u00dfe gebracht und befindet sich seitdem in besagter Vitrine.<\/p>\n<p>F\u00fcr Sch\u00fclerinnen und Sch\u00fcler, Lehrerinnen und Lehrer und die Schulgemeinschaft ist der Stolperstein ein wichtiger Anker des historischen Lernens, des Erinnerns an den Holocaust und des Mahnens an Mirjams tragisches Schicksal. Zahlreiche Sch\u00fclerprojekte, wie Filme, Kunstwerke und die Homepage <a href=\"http:\/\/www.das-war-hier.org\" target=\"_blank\" rel=\"noopener\">www.das-war-hier.org<\/a>, zeugen von der Erinnerungsarbeit an unserer Schule. Vor kurzem entstand von Seiten der Stadt Husum der Wunsch, den Stolperstein an seinen urspr\u00fcnglichen Ort in der Theodor-Storm-Stra\u00dfe zur\u00fcck zu verlegen &#8211; einerseits ein verst\u00e4ndliches Anliegen, handelt es sich doch um den historischen Ort des Schulgeb\u00e4udes, das Mirjam gekannt hat\u2026 Andererseits brauchen wir den Stolperstein \u201ebei uns\u201c, als Ausgangspunkt f\u00fcr eine lebendige Erinnerungskultur. Daher fanden vor kurzem Gespr\u00e4che mit dem Husumer B\u00fcrgermeister Herrn Schmitz, den regionalen Ansprechpartnern des Stolpersteine-Projekts, Herrn und Frau Hecker, Frau Malinowski, Sandra Schulz (12. Jahrgang, f\u00fcr die Sch\u00fclerschaft) und Herrn Hobe (Geschichtslehrer) statt. Die Beteiligten einigten sich darauf, dass der Stolperstein in die Theodor-Storm-Stra\u00dfe zur\u00fcckkehren und dass eine identische Kopie des Stolpersteins vor dem Haupteingang unserer Schule verlegt werden soll.<\/p>\n<p>Wir freuen uns \u00fcber diese \u201eDoppell\u00f6sung\u201c und hoffen, dass das Vorhaben bald in die Tat umgesetzt werden kann!<\/p>\n<\/div>\n","protected":false},"excerpt":{"rendered":"<p>Noch befindet sich der \u201eStolperstein\u201c (siehe Foto) zum Gedenken an Mirjam Cohen in der Vitrine am Haupteingang unseres Schulgeb\u00e4udes. Das soll sich nach dem Wunsch der Stadt Husum und einer Initiative von Sch\u00fclerinnen und Sch\u00fclern und Lehrerinnen und Lehrern der Theodor-Storm-Schule aber bald \u00e4ndern. Die j\u00fcdische Sch\u00fclerin Mirjam Cohen (*1923), Tochter des letzten Rabbis von [&hellip;]<\/p>\n","protected":false},"author":11,"featured_media":0,"comment_status":"open","ping_status":"open","sticky":false,"template":"","format":"standard","meta":{"footnotes":""},"categories":[1],"tags":[],"class_list":["post-23","post","type-post","status-publish","format-standard","hentry","category-allgemein"],"_links":{"self":[{"href":"https:\/\/kz-gedenkstaette-husum-schwesing.de\/das-war-hier\/wp-json\/wp\/v2\/posts\/23","targetHints":{"allow":["GET"]}}],"collection":[{"href":"https:\/\/kz-gedenkstaette-husum-schwesing.de\/das-war-hier\/wp-json\/wp\/v2\/posts"}],"about":[{"href":"https:\/\/kz-gedenkstaette-husum-schwesing.de\/das-war-hier\/wp-json\/wp\/v2\/types\/post"}],"author":[{"embeddable":true,"href":"https:\/\/kz-gedenkstaette-husum-schwesing.de\/das-war-hier\/wp-json\/wp\/v2\/users\/11"}],"replies":[{"embeddable":true,"href":"https:\/\/kz-gedenkstaette-husum-schwesing.de\/das-war-hier\/wp-json\/wp\/v2\/comments?post=23"}],"version-history":[{"count":3,"href":"https:\/\/kz-gedenkstaette-husum-schwesing.de\/das-war-hier\/wp-json\/wp\/v2\/posts\/23\/revisions"}],"predecessor-version":[{"id":27,"href":"https:\/\/kz-gedenkstaette-husum-schwesing.de\/das-war-hier\/wp-json\/wp\/v2\/posts\/23\/revisions\/27"}],"wp:attachment":[{"href":"https:\/\/kz-gedenkstaette-husum-schwesing.de\/das-war-hier\/wp-json\/wp\/v2\/media?parent=23"}],"wp:term":[{"taxonomy":"category","embeddable":true,"href":"https:\/\/kz-gedenkstaette-husum-schwesing.de\/das-war-hier\/wp-json\/wp\/v2\/categories?post=23"},{"taxonomy":"post_tag","embeddable":true,"href":"https:\/\/kz-gedenkstaette-husum-schwesing.de\/das-war-hier\/wp-json\/wp\/v2\/tags?post=23"}],"curies":[{"name":"wp","href":"https:\/\/api.w.org\/{rel}","templated":true}]}}