{"id":171,"date":"2023-11-24T08:47:21","date_gmt":"2023-11-24T07:47:21","guid":{"rendered":"https:\/\/kz-gedenkstaette-husum-schwesing.de\/das-war-hier\/?p=171"},"modified":"2023-11-29T10:14:23","modified_gmt":"2023-11-29T09:14:23","slug":"wer-war-sophie-jacobsen","status":"publish","type":"post","link":"https:\/\/kz-gedenkstaette-husum-schwesing.de\/das-war-hier\/2023\/11\/24\/wer-war-sophie-jacobsen\/","title":{"rendered":"Wer war Sophie Jacobsen?"},"content":{"rendered":"<p><img loading=\"lazy\" decoding=\"async\" class=\"alignnone wp-image-172\" src=\"https:\/\/kz-gedenkstaette-husum-schwesing.de\/das-war-hier\/wp-content\/uploads\/sites\/11\/2023\/11\/Foto-mit-Sophie-Jacobsen-um-1880-300x202.png\" alt=\"\" width=\"484\" height=\"326\" \/><\/p>\n<p><img loading=\"lazy\" decoding=\"async\" class=\" wp-image-176 alignnone\" src=\"https:\/\/kz-gedenkstaette-husum-schwesing.de\/das-war-hier\/wp-content\/uploads\/sites\/11\/2023\/11\/Sophie-nah-257x300.png\" alt=\"\" width=\"320\" height=\"374\" \/><\/p>\n<p><em>Fotografie mit Schulvorsteherin Sophie Jacobsen (Pfeil), H\u00f6here T\u00f6chterschule Husum, um 1880<\/em><\/p>\n<p>Am 19. Juli 1829 wird Sophia Christine Henriette Jacobsen in Flensburg in der Norderstra\u00dfe Haus 273 als j\u00fcngstes von f\u00fcnf Kindern geboren. Ihr Vater ist Schiffskapit\u00e4n, ihre Mutter stammt ebenfalls aus einer Flensburger Kapit\u00e4nsfamilie. Bekannt ist, dass Sophie Jacobsen in D\u00e4nemark und in England lebte und dort als Lehrerin ohne offiziell anerkannte Abschl\u00fcsse arbeitete, denn diese gab es zu jener Zeit f\u00fcr Frauen noch nicht.<\/p>\n<p><u>Die private H\u00f6here T\u00f6chterschule<\/u><\/p>\n<p>1866 fasst Sophie Jacobsen in Husum Fu\u00df und legt den Grundstein daf\u00fcr, dass auch M\u00e4dchen die h\u00f6here Bildung erfahren k\u00f6nnen, so wie die Jungen, denen das schon seit 1527 m\u00f6glich ist. In einer Anzeige im Husumer Wochenblatt k\u00fcndigt sie die Gr\u00fcndung einer privaten T\u00f6chterschule an. Sieben Sch\u00fclerinnen kommen daraufhin in den Pesel der Dittman\u2018schen B\u00e4ckerei in der Gro\u00dfstra\u00dfe 7 zusammen, um den Unterricht ihrer privaten M\u00e4dchenschule zu besuchen. Im Jahr 1900 wurde das Schulgeb\u00e4ude in der Theodor-Storm-Stra\u00dfe eingeweiht.<\/p>\n<p><u>Der Same geht auf<\/u><\/p>\n<p>Damit nimmt eine Entwicklung ihren Lauf, die letztendlich zur st\u00e4dtischen Oberschule und weiter zum Gymnasium mit Abiturberechtigung f\u00fchrt. 1932 wird diese h\u00f6here Lehranstalt f\u00fcr M\u00e4dchen nach dem Dichter \u201eTheodor-Storm-Schule\u201c benannt und nicht nach der Schulgr\u00fcnderin. Heute befindet sich die TSS in der Ludwig-Nissen-Stra\u00dfe und ist ein Gymnasium f\u00fcr M\u00e4dchen und Jungen. Sophie Jacobsen starb am 26.01.1917 im Kloster Zum Ritter St. J\u00fcrgen und wurde auf dem Westfriedhof, nahe dem Ostenfelder Bauernhaus beigesetzt. In Husum erinnert seit 1984 eine Stra\u00dfe an die Leistung dieser Pionierin. (Verfasser*innen: Husumer Frauengeschichtswerkstatt)<\/p>\n<p><u>Literatur:<\/u><\/p>\n<p>J\u00fcrgen Dietrich: &#8222;Sophie Jacobsen &#8211; H\u00f6here Bildung auch f\u00fcr M\u00e4dchen&#8220;, in: Beitr\u00e4ge zur Husumer Stadtgeschichte, hg. v. der Gesellschaft f\u00fcr Husumer Stadtgeschichte, Heft 8 (2002), S. 82-100.<\/p>\n<p><u>Foto<\/u>:<\/p>\n<p>Klassenfoto der H\u00f6heren T\u00f6chterschule mit Schulvorsteherin Sophie Jacobsen (siehe Pfeil), um 1880, Schularchiv der TSS Husum<\/p>\n","protected":false},"excerpt":{"rendered":"<p>Fotografie mit Schulvorsteherin Sophie Jacobsen (Pfeil), H\u00f6here T\u00f6chterschule Husum, um 1880 Am 19. Juli 1829 wird Sophia Christine Henriette Jacobsen in Flensburg in der Norderstra\u00dfe Haus 273 als j\u00fcngstes von f\u00fcnf Kindern geboren. Ihr Vater ist Schiffskapit\u00e4n, ihre Mutter stammt ebenfalls aus einer Flensburger Kapit\u00e4nsfamilie. Bekannt ist, dass Sophie Jacobsen in D\u00e4nemark und in England [&hellip;]<\/p>\n","protected":false},"author":11,"featured_media":0,"comment_status":"open","ping_status":"open","sticky":false,"template":"","format":"standard","meta":{"footnotes":""},"categories":[1],"tags":[],"class_list":["post-171","post","type-post","status-publish","format-standard","hentry","category-allgemein"],"_links":{"self":[{"href":"https:\/\/kz-gedenkstaette-husum-schwesing.de\/das-war-hier\/wp-json\/wp\/v2\/posts\/171","targetHints":{"allow":["GET"]}}],"collection":[{"href":"https:\/\/kz-gedenkstaette-husum-schwesing.de\/das-war-hier\/wp-json\/wp\/v2\/posts"}],"about":[{"href":"https:\/\/kz-gedenkstaette-husum-schwesing.de\/das-war-hier\/wp-json\/wp\/v2\/types\/post"}],"author":[{"embeddable":true,"href":"https:\/\/kz-gedenkstaette-husum-schwesing.de\/das-war-hier\/wp-json\/wp\/v2\/users\/11"}],"replies":[{"embeddable":true,"href":"https:\/\/kz-gedenkstaette-husum-schwesing.de\/das-war-hier\/wp-json\/wp\/v2\/comments?post=171"}],"version-history":[{"count":4,"href":"https:\/\/kz-gedenkstaette-husum-schwesing.de\/das-war-hier\/wp-json\/wp\/v2\/posts\/171\/revisions"}],"predecessor-version":[{"id":179,"href":"https:\/\/kz-gedenkstaette-husum-schwesing.de\/das-war-hier\/wp-json\/wp\/v2\/posts\/171\/revisions\/179"}],"wp:attachment":[{"href":"https:\/\/kz-gedenkstaette-husum-schwesing.de\/das-war-hier\/wp-json\/wp\/v2\/media?parent=171"}],"wp:term":[{"taxonomy":"category","embeddable":true,"href":"https:\/\/kz-gedenkstaette-husum-schwesing.de\/das-war-hier\/wp-json\/wp\/v2\/categories?post=171"},{"taxonomy":"post_tag","embeddable":true,"href":"https:\/\/kz-gedenkstaette-husum-schwesing.de\/das-war-hier\/wp-json\/wp\/v2\/tags?post=171"}],"curies":[{"name":"wp","href":"https:\/\/api.w.org\/{rel}","templated":true}]}}