{"id":150,"date":"2023-09-20T09:01:44","date_gmt":"2023-09-20T07:01:44","guid":{"rendered":"https:\/\/kz-gedenkstaette-husum-schwesing.de\/das-war-hier\/?p=150"},"modified":"2023-09-20T09:01:44","modified_gmt":"2023-09-20T07:01:44","slug":"ziellinie-in-sicht","status":"publish","type":"post","link":"https:\/\/kz-gedenkstaette-husum-schwesing.de\/das-war-hier\/2023\/09\/20\/ziellinie-in-sicht\/","title":{"rendered":"Ziellinie in Sicht!"},"content":{"rendered":"<p>8 Monate und 6 Tage. So lange ist es her und doch verging die Zeit so schnell. Wir erinnern uns noch gut an den 14.02.2023, unser erstes gemeinsames Treffen. \u00a0Was damals nur Bruchst\u00fccke einer Vision waren, wurden in den letzen Monaten zu einem Produkt zusammengef\u00fchrt. Es wurde viel recherchiert, geplant, wieder umgeschmissen und wieder neu geplant. Das eigentliche Ziel, die Stelen am 23.05.2023 aufzustellen konnte in dieser Form leider nicht erreicht werden. Stattdessen gab es eine, von der ganzen Schule besuchte, Gedenkfeier bei der,\u00a0 bei vielen Kindern und Jugendlichen das Bewusstsein f\u00fcr die j\u00fcdische Geschichte in Schleswig-Holstein st\u00e4rken konnten.<\/p>\n<p>Heute, \u00fcber 8 Monate nach Start des Projektes, fehlt den Stelen nur noch der Feinschliff.<br \/>\nEs ging es also in die Endspurt.<br \/>\nHerr Heid, als erfahrener Grafikdesigner, pr\u00e4sentierte uns heute die finalen Stelen Entw\u00fcrfe. Die zwei Texte f\u00fcr die Stele mussten noch einmal gek\u00fcrzt werden. Au\u00dferdem stand noch ein paar Fragen im Raum: Welche Logos werden mit rauf gedruckt? Welche QR-Codes? Und auf welche Internetseite soll verwiesen werden?<br \/>\nDer Kl\u00e4rung dieser Fragen wurde sich heute, gemeinsam mit Frau Rudolph und Herrn Heid, gewidmet.<\/p>\n<p>In den n\u00e4chsten Tagen werden die Entw\u00fcrfe f\u00fcr den Druck vorbereiten und dann voraussichtlich bis zu Miriams Todestag fertig gestellt, sodass an diesem Tag die Stelen eingesetzt werden k\u00f6nnen.<\/p>\n<div id=\"attachment_149\" style=\"width: 235px\" class=\"wp-caption alignnone\"><img loading=\"lazy\" decoding=\"async\" aria-describedby=\"caption-attachment-149\" class=\"wp-image-149 size-medium\" src=\"https:\/\/kz-gedenkstaette-husum-schwesing.de\/das-war-hier\/wp-content\/uploads\/sites\/11\/2023\/09\/IMG_0474-225x300.jpeg\" alt=\"\" width=\"225\" height=\"300\" \/><p id=\"caption-attachment-149\" class=\"wp-caption-text\">Der Entwurf aus Pappe an seinem zuk\u00fcnftigen Standort<\/p><\/div>\n","protected":false},"excerpt":{"rendered":"<p>8 Monate und 6 Tage. So lange ist es her und doch verging die Zeit so schnell. Wir erinnern uns noch gut an den 14.02.2023, unser erstes gemeinsames Treffen. \u00a0Was damals nur Bruchst\u00fccke einer Vision waren, wurden in den letzen Monaten zu einem Produkt zusammengef\u00fchrt. Es wurde viel recherchiert, geplant, wieder umgeschmissen und wieder neu [&hellip;]<\/p>\n","protected":false},"author":11,"featured_media":0,"comment_status":"open","ping_status":"open","sticky":false,"template":"","format":"standard","meta":{"_et_pb_use_builder":"","_et_pb_old_content":"","_et_gb_content_width":"","footnotes":""},"categories":[1],"tags":[],"class_list":["post-150","post","type-post","status-publish","format-standard","hentry","category-allgemein"],"_links":{"self":[{"href":"https:\/\/kz-gedenkstaette-husum-schwesing.de\/das-war-hier\/wp-json\/wp\/v2\/posts\/150","targetHints":{"allow":["GET"]}}],"collection":[{"href":"https:\/\/kz-gedenkstaette-husum-schwesing.de\/das-war-hier\/wp-json\/wp\/v2\/posts"}],"about":[{"href":"https:\/\/kz-gedenkstaette-husum-schwesing.de\/das-war-hier\/wp-json\/wp\/v2\/types\/post"}],"author":[{"embeddable":true,"href":"https:\/\/kz-gedenkstaette-husum-schwesing.de\/das-war-hier\/wp-json\/wp\/v2\/users\/11"}],"replies":[{"embeddable":true,"href":"https:\/\/kz-gedenkstaette-husum-schwesing.de\/das-war-hier\/wp-json\/wp\/v2\/comments?post=150"}],"version-history":[{"count":1,"href":"https:\/\/kz-gedenkstaette-husum-schwesing.de\/das-war-hier\/wp-json\/wp\/v2\/posts\/150\/revisions"}],"predecessor-version":[{"id":151,"href":"https:\/\/kz-gedenkstaette-husum-schwesing.de\/das-war-hier\/wp-json\/wp\/v2\/posts\/150\/revisions\/151"}],"wp:attachment":[{"href":"https:\/\/kz-gedenkstaette-husum-schwesing.de\/das-war-hier\/wp-json\/wp\/v2\/media?parent=150"}],"wp:term":[{"taxonomy":"category","embeddable":true,"href":"https:\/\/kz-gedenkstaette-husum-schwesing.de\/das-war-hier\/wp-json\/wp\/v2\/categories?post=150"},{"taxonomy":"post_tag","embeddable":true,"href":"https:\/\/kz-gedenkstaette-husum-schwesing.de\/das-war-hier\/wp-json\/wp\/v2\/tags?post=150"}],"curies":[{"name":"wp","href":"https:\/\/api.w.org\/{rel}","templated":true}]}}