{"id":128,"date":"2023-06-07T21:30:45","date_gmt":"2023-06-07T19:30:45","guid":{"rendered":"https:\/\/kz-gedenkstaette-husum-schwesing.de\/das-war-hier\/?p=128"},"modified":"2023-06-07T21:31:46","modified_gmt":"2023-06-07T19:31:46","slug":"mirjam-theaterstueck-2011-im-streaming","status":"publish","type":"post","link":"https:\/\/kz-gedenkstaette-husum-schwesing.de\/das-war-hier\/2023\/06\/07\/mirjam-theaterstueck-2011-im-streaming\/","title":{"rendered":"Ein St\u00fcck Zeitgeschichte zum Streamen&#8230;"},"content":{"rendered":"<p>Das Theaterst\u00fcck &#8222;Mirjam Cohen &#8211; dem Vergessen entrei\u00dfen, der Gegenwart zur\u00fcckgeben&#8220;, entwickelt zwischen 2009 und 2010 von der AG &#8222;Spielraum&#8220; (dramaturgische Leitung: Ulrike Steenbuck) ist nun endlich auch digital <a href=\"https:\/\/www.youtube.com\/watch?v=Izfcd6VD0wg\">verf\u00fcgbar<\/a>. Es ist einfach gro\u00dfartig und so wichtig, dass es nun jederzeit gestreamt werden kann. Ein gro\u00dfes Dankesch\u00f6n daf\u00fcr an Thomas Lorenzen!<\/p>\n<p>Die Auff\u00fchrungen fanden am 19., 20. und 26. November 2010 statt und stie\u00dfen auf gro\u00dfes \u00f6ffentliches Interesse.<\/p>\n<p>Klar ist auch: Ohne dieses Theaterst\u00fcck und die damals durchgef\u00fchrten, sehr akribischen Recherchen w\u00e4re unser heutiges Projekt nicht m\u00f6glich gewesen. Wir verstehen uns daher als diejenigen, die diese Flamme der Erinnerung weitertragen wollen, damit sie nicht erlischt.<\/p>\n<p>&nbsp;<\/p>\n<p>&nbsp;<\/p>\n","protected":false},"excerpt":{"rendered":"<p>Das Theaterst\u00fcck &#8222;Mirjam Cohen &#8211; dem Vergessen entrei\u00dfen, der Gegenwart zur\u00fcckgeben&#8220;, entwickelt zwischen 2009 und 2010 von der AG &#8222;Spielraum&#8220; (dramaturgische Leitung: Ulrike Steenbuck) ist nun endlich auch digital verf\u00fcgbar. Es ist einfach gro\u00dfartig und so wichtig, dass es nun jederzeit gestreamt werden kann. Ein gro\u00dfes Dankesch\u00f6n daf\u00fcr an Thomas Lorenzen! Die Auff\u00fchrungen fanden am [&hellip;]<\/p>\n","protected":false},"author":11,"featured_media":0,"comment_status":"open","ping_status":"open","sticky":false,"template":"","format":"standard","meta":{"footnotes":""},"categories":[1],"tags":[],"class_list":["post-128","post","type-post","status-publish","format-standard","hentry","category-allgemein"],"_links":{"self":[{"href":"https:\/\/kz-gedenkstaette-husum-schwesing.de\/das-war-hier\/wp-json\/wp\/v2\/posts\/128","targetHints":{"allow":["GET"]}}],"collection":[{"href":"https:\/\/kz-gedenkstaette-husum-schwesing.de\/das-war-hier\/wp-json\/wp\/v2\/posts"}],"about":[{"href":"https:\/\/kz-gedenkstaette-husum-schwesing.de\/das-war-hier\/wp-json\/wp\/v2\/types\/post"}],"author":[{"embeddable":true,"href":"https:\/\/kz-gedenkstaette-husum-schwesing.de\/das-war-hier\/wp-json\/wp\/v2\/users\/11"}],"replies":[{"embeddable":true,"href":"https:\/\/kz-gedenkstaette-husum-schwesing.de\/das-war-hier\/wp-json\/wp\/v2\/comments?post=128"}],"version-history":[{"count":3,"href":"https:\/\/kz-gedenkstaette-husum-schwesing.de\/das-war-hier\/wp-json\/wp\/v2\/posts\/128\/revisions"}],"predecessor-version":[{"id":131,"href":"https:\/\/kz-gedenkstaette-husum-schwesing.de\/das-war-hier\/wp-json\/wp\/v2\/posts\/128\/revisions\/131"}],"wp:attachment":[{"href":"https:\/\/kz-gedenkstaette-husum-schwesing.de\/das-war-hier\/wp-json\/wp\/v2\/media?parent=128"}],"wp:term":[{"taxonomy":"category","embeddable":true,"href":"https:\/\/kz-gedenkstaette-husum-schwesing.de\/das-war-hier\/wp-json\/wp\/v2\/categories?post=128"},{"taxonomy":"post_tag","embeddable":true,"href":"https:\/\/kz-gedenkstaette-husum-schwesing.de\/das-war-hier\/wp-json\/wp\/v2\/tags?post=128"}],"curies":[{"name":"wp","href":"https:\/\/api.w.org\/{rel}","templated":true}]}}